{"id":616,"date":"2011-08-26T15:49:14","date_gmt":"2011-08-26T13:49:14","guid":{"rendered":"http:\/\/www.heusenstaemmchen.de\/blog\/?p=616"},"modified":"2024-03-23T13:06:47","modified_gmt":"2024-03-23T12:06:47","slug":"judo-in-heusenstamm","status":"publish","type":"post","link":"https:\/\/www.heusenstaemmchen.de\/news\/judo-in-heusenstamm\/616","title":{"rendered":"Judo in Heusenstamm"},"content":{"rendered":"<p>Im Rahmen der Veranstaltungen zur 800-Jahr-Feier der Stadt Heusenstamm wurde es letzten Sonntag trotz sehr hoher Temperaturen und \u00e4u\u00dferst <a rel=\"lightbox[judo]\" href=\"\/graphics\/judo-vorfuehrung-1-big.jpg\"><img decoding=\"async\" style=\"align:left; float:left; margin-top:8px; margin-right:10px; margin-bottom:8px;\" src=\"\/graphics\/judo-vorfuehrung-1-small.jpg\" alt=\"Foto\" \/><\/a> schw\u00fclem Wetter sportlich. Die Judo-Abteilung der <b>TSV Heusenstamm<\/b>, die neben <b>Judo<\/b> auch die Sportarten <b>Taekwondo<\/b> und <b>Kickboxen<\/b> anbietet, hat es sich nicht nehmen lassen, auch unter diesen schwierigen Bedingungen mit fetziger Musik f\u00fcr ihre Sportarten und die TSV Heusenstamm zu werben.<\/p>\n<p>Auf der extra f\u00fcr die 800-Jahr-Feier aufgebauten B\u00fchne der VVB Maingau eG haben die jungen Sportler die Zuschauer mit ihren Spr\u00fcngen, W\u00fcrfen und Fall\u00fcbungen begeistert. Dabei waren unter den Akteuren sowohl M\u00e4dchen als auch Jungen verschiedener Altersgruppen zu sehen. Die <a rel=\"lightbox[judo]\" href=\"\/graphics\/judo-vorfuehrung-2-big.jpg\"><img decoding=\"async\" style=\"align:left; float:left; margin-top:8px; margin-right:10px; margin-bottom:8px;\" src=\"\/graphics\/judo-vorfuehrung-2-small.jpg\" alt=\"Foto\" \/><\/a> beiden beigef\u00fcgten Fotos k\u00f6nnen davon hoffentlich einen kleinen Eindruck vermitteln.<\/p>\n<p>Das Training der Judo-Abteilung findet regelm\u00e4\u00dfig in der Trainingshalle im Weiskircher Weg 22 statt. Jugendliche und Erwachsene, die sich f\u00fcr die genannten Sportarten interessieren, k\u00f6nnen die genauen Trainingzeiten und Kontaktdaten am besten der Website der TSV Heusenstamm  (<a href=\"http:\/\/www.tsv-heusenstamm.de\/index.php\/abteilungen\/judo\">Judo in Heusenstamm<\/a>) entnehmen.<\/p>\n","protected":false},"excerpt":{"rendered":"<p>Im Rahmen der Veranstaltungen zur 800-Jahr-Feier der Stadt Heusenstamm wurde es letzten Sonntag trotz sehr hoher Temperaturen und \u00e4u\u00dferst schw\u00fclem Wetter sportlich. Die Judo-Abteilung der TSV Heusenstamm, die neben Judo auch die Sportarten Taekwondo und Kickboxen anbietet, hat es sich nicht nehmen&#46;&#46;&#46;<\/p>\n","protected":false},"author":4,"featured_media":0,"comment_status":"open","ping_status":"closed","sticky":false,"template":"","format":"standard","meta":{"footnotes":""},"categories":[88,8],"tags":[30,99],"class_list":["post-616","post","type-post","status-publish","format-standard","hentry","category-archiv","category-sport","tag-judo","tag-tsv-heusenstamm"],"_links":{"self":[{"href":"https:\/\/www.heusenstaemmchen.de\/news\/wp-json\/wp\/v2\/posts\/616","targetHints":{"allow":["GET"]}}],"collection":[{"href":"https:\/\/www.heusenstaemmchen.de\/news\/wp-json\/wp\/v2\/posts"}],"about":[{"href":"https:\/\/www.heusenstaemmchen.de\/news\/wp-json\/wp\/v2\/types\/post"}],"author":[{"embeddable":true,"href":"https:\/\/www.heusenstaemmchen.de\/news\/wp-json\/wp\/v2\/users\/4"}],"replies":[{"embeddable":true,"href":"https:\/\/www.heusenstaemmchen.de\/news\/wp-json\/wp\/v2\/comments?post=616"}],"version-history":[{"count":5,"href":"https:\/\/www.heusenstaemmchen.de\/news\/wp-json\/wp\/v2\/posts\/616\/revisions"}],"predecessor-version":[{"id":5491,"href":"https:\/\/www.heusenstaemmchen.de\/news\/wp-json\/wp\/v2\/posts\/616\/revisions\/5491"}],"wp:attachment":[{"href":"https:\/\/www.heusenstaemmchen.de\/news\/wp-json\/wp\/v2\/media?parent=616"}],"wp:term":[{"taxonomy":"category","embeddable":true,"href":"https:\/\/www.heusenstaemmchen.de\/news\/wp-json\/wp\/v2\/categories?post=616"},{"taxonomy":"post_tag","embeddable":true,"href":"https:\/\/www.heusenstaemmchen.de\/news\/wp-json\/wp\/v2\/tags?post=616"}],"curies":[{"name":"wp","href":"https:\/\/api.w.org\/{rel}","templated":true}]}}