{"id":4425,"date":"2015-10-23T18:42:46","date_gmt":"2015-10-23T16:42:46","guid":{"rendered":"http:\/\/www.heusenstaemmchen.de\/blog\/?p=4425"},"modified":"2024-03-23T13:28:49","modified_gmt":"2024-03-23T12:28:49","slug":"halloween-in-heusenstamm","status":"publish","type":"post","link":"https:\/\/www.heusenstaemmchen.de\/news\/halloween-in-heusenstamm\/4425","title":{"rendered":"Halloween in Heusenstamm?"},"content":{"rendered":"<p>Die Tage werden l\u00e4nger, k\u00e4lter und dunkler, und so werden am 31. Oktober 2015 wieder in Heusenstamm und Umgebung kleine Geister von T\u00fcr zu T\u00fcr gehen. Doch was bedeutet Halloween? Der Kulturredakteur vom Stern, Carsten Heidb\u00f6hmer, hat dar\u00fcber im letzten Jahr einen sehr sch\u00f6nen und informativen <a href=\"http:\/\/www.stern.de\/panorama\/gesellschaft\/halloween--so-kam-der-grusel-aus-den-usa-nach-deutschland-3526542.html\">Halloween-Artikel<\/a> geschrieben.<\/p>\n<p>Was Halloween bedeutet, ist den Kindern im Grunde egal. Sie finden es einfach toll, mit Freunden gruselig zu feiern und dabei viel Spa\u00df zu haben. Viele Heusenstammer haben sich auch daran gew\u00f6hnt und freuen sich auf die verkleideten Kinder, die zu Halloween um S\u00fc\u00dfigkeiten bitten. F\u00fcr eine gelungene <a href=\"https:\/\/www.grapevine.de\/halloweenparty\/?gclid=CO-w_IeLz8gCFQUewwodaHQHFA\">Halloween-Party<\/a> braucht ihr schaurige Verkleidungen, Spiele, Essen und nat\u00fcrlich auch eine gruselige Deko. <\/p>\n<p>Falls euch noch der geeignete Halloween-Spruch fehlt, kommen hier ein paar Vorschl\u00e4ge:<\/p>\n<p><a href=\"\/graphics\/halloween\/halloween-05-big.jpg\" rel=\"lightbox[Halloween]\"><img decoding=\"async\" style=\"align: right; float: right; margin-left: 10px;\" title=\"Foto von Halloween\" src=\"\/graphics\/halloween\/halloween-05-front.jpg\" alt=\"Foto\" \/><\/a> Geister schreien, Hexen lachen,<br \/>\ngebt uns S\u00fc\u00dfes,<br \/>\nsonst wird&#8217;s krachen.<\/p>\n<p>Wir sind kleine Geister,<br \/>\nessen gerne Kleister,<br \/>\nwenn Sie uns nichts geben,<br \/>\nbleiben wir hier kleben.<\/p>\n<p>Wilde Geister geh&#8217;n heut um,<br \/>\nhier und da und rundherum.<br \/>\nUnd sie geben keinen Frieden,<br \/>\nbis sie etwas S\u00fc\u00dfes kriegen.<br \/>\nAuch wir sind voller Schabernack<br \/>\nund haben hier &#39;nen leeren Sack.<br \/>\nSoll es wieder leise sein,<br \/>\ndann gebt uns bitte hier was rein.<\/p>\n<p>Hinterher:<br \/>\nWir danken euch, ihr seid jetzt frei,<br \/>\nund wir ziehen weiter mit Geschrei.<br \/>\nHUUUUUAAAA!<\/p>\n<p>Mit welchen Spr\u00fcchen zieht ihr von T\u00fcr zu T\u00fcr? <\/p>\n<p>Zur Einstimmung auf Halloween habe ich jetzt noch ein paar Fotos aus den vergangenen Jahren f\u00fcr euch. \ud83d\ude42<\/p>\n<p><a href=\"\/graphics\/halloween\/halloween-01-big.jpg\" rel=\"lightbox[Halloween]\"><img decoding=\"async\" style=\"margin-right: 7px;\" title=\"Foto von Halloween\" src=\"\/graphics\/halloween\/halloween-01-small.jpg\" alt=\"Foto von Halloween\" \/><\/a> <a href=\"\/graphics\/halloween\/halloween-02-big.jpg\" rel=\"lightbox[Halloween]\"><img decoding=\"async\" style=\"margin-right: 7px;\" title=\"Foto von Halloween\" src=\"\/graphics\/halloween\/halloween-02-small.jpg\" alt=\"Foto von Halloween\" \/><\/a> <a href=\"\/graphics\/halloween\/halloween-03-big.jpg\" rel=\"lightbox[Halloween]\"><img decoding=\"async\" style=\"margin-right: 7px;\" title=\"Foto von Halloween\" src=\"\/graphics\/halloween\/halloween-03-small.jpg\" alt=\"Foto von Halloween\" \/><\/a> <a href=\"\/graphics\/halloween\/halloween-04-big.jpg\" rel=\"lightbox[Halloween]\"><img decoding=\"async\" style=\"margin-right: 7px;\" title=\"Foto von Halloween\" src=\"\/graphics\/halloween\/halloween-04-small.jpg\" alt=\"Foto von Halloween\" \/><\/a> <a href=\"\/graphics\/halloween\/halloween-06-big.jpg\" rel=\"lightbox[Halloween]\"><img decoding=\"async\" style=\"margin-right: 7px;\" title=\"Foto von Halloween\" src=\"\/graphics\/halloween\/halloween-06-small.jpg\" alt=\"Foto von Halloween\" \/><\/a> <a href=\"\/graphics\/halloween\/halloween-07-big.jpg\" rel=\"lightbox[Halloween]\"><img decoding=\"async\" style=\"margin-right: 7px;\" title=\"Foto von Halloween\" src=\"\/graphics\/halloween\/halloween-07-small.jpg\" alt=\"Foto von Halloween\" \/><\/a> <a href=\"\/graphics\/halloween\/halloween-08-big.jpg\" rel=\"lightbox[Halloween]\"><img decoding=\"async\" style=\"margin-right: 7px;\" title=\"Foto von Halloween\" src=\"\/graphics\/halloween\/halloween-08-small.jpg\" alt=\"Foto von Halloween\" \/><\/a><\/p>\n<p><a href=\"\/graphics\/halloween\/halloween-09-big.jpg\" rel=\"lightbox[Halloween]\"><img decoding=\"async\" style=\"margin-right: 7px;\" title=\"Foto von Halloween\" src=\"\/graphics\/halloween\/halloween-09-small.jpg\" alt=\"Foto von Halloween\" \/><\/a> <a href=\"\/graphics\/halloween\/halloween-10-big.jpg\" rel=\"lightbox[Halloween]\"><img decoding=\"async\" style=\"margin-right: 7px;\" title=\"Foto von Halloween\" src=\"\/graphics\/halloween\/halloween-10-small.jpg\" alt=\"Foto von Halloween\" \/><\/a><\/p>\n","protected":false},"excerpt":{"rendered":"<p>Die Tage werden l\u00e4nger, k\u00e4lter und dunkler, und so werden am 31. Oktober 2015 wieder in Heusenstamm und Umgebung kleine Geister von T\u00fcr zu T\u00fcr gehen. Doch was bedeutet Halloween? Der Kulturredakteur vom Stern, Carsten Heidb\u00f6hmer, hat dar\u00fcber im letzten Jahr einen&#46;&#46;&#46;<\/p>\n","protected":false},"author":3,"featured_media":0,"comment_status":"open","ping_status":"closed","sticky":false,"template":"","format":"standard","meta":{"footnotes":""},"categories":[88],"tags":[483,4],"class_list":["post-4425","post","type-post","status-publish","format-standard","hentry","category-archiv","tag-halloween","tag-heusenstamm"],"_links":{"self":[{"href":"https:\/\/www.heusenstaemmchen.de\/news\/wp-json\/wp\/v2\/posts\/4425","targetHints":{"allow":["GET"]}}],"collection":[{"href":"https:\/\/www.heusenstaemmchen.de\/news\/wp-json\/wp\/v2\/posts"}],"about":[{"href":"https:\/\/www.heusenstaemmchen.de\/news\/wp-json\/wp\/v2\/types\/post"}],"author":[{"embeddable":true,"href":"https:\/\/www.heusenstaemmchen.de\/news\/wp-json\/wp\/v2\/users\/3"}],"replies":[{"embeddable":true,"href":"https:\/\/www.heusenstaemmchen.de\/news\/wp-json\/wp\/v2\/comments?post=4425"}],"version-history":[{"count":6,"href":"https:\/\/www.heusenstaemmchen.de\/news\/wp-json\/wp\/v2\/posts\/4425\/revisions"}],"predecessor-version":[{"id":12701,"href":"https:\/\/www.heusenstaemmchen.de\/news\/wp-json\/wp\/v2\/posts\/4425\/revisions\/12701"}],"wp:attachment":[{"href":"https:\/\/www.heusenstaemmchen.de\/news\/wp-json\/wp\/v2\/media?parent=4425"}],"wp:term":[{"taxonomy":"category","embeddable":true,"href":"https:\/\/www.heusenstaemmchen.de\/news\/wp-json\/wp\/v2\/categories?post=4425"},{"taxonomy":"post_tag","embeddable":true,"href":"https:\/\/www.heusenstaemmchen.de\/news\/wp-json\/wp\/v2\/tags?post=4425"}],"curies":[{"name":"wp","href":"https:\/\/api.w.org\/{rel}","templated":true}]}}