{"id":1796,"date":"2012-07-09T10:33:08","date_gmt":"2012-07-09T08:33:08","guid":{"rendered":"http:\/\/www.heusenstaemmchen.de\/blog\/?p=1796"},"modified":"2023-04-01T15:43:53","modified_gmt":"2023-04-01T13:43:53","slug":"sonnenaufgang-in-cuxhaven","status":"publish","type":"post","link":"https:\/\/www.heusenstaemmchen.de\/news\/sonnenaufgang-in-cuxhaven\/1796","title":{"rendered":"Sonnenaufgang in Cuxhaven"},"content":{"rendered":"<p>Gleich zu Beginn der Sommerferien, fr\u00fchmorgens am ersten Ferientag, bin ich mit meinen Freunden nach Cuxhaven an die <b>Nordseek\u00fcste<\/b> aufgebrochen, um dort ein paar sch\u00f6ne Sommertage zu verbringen. W\u00e4hrend in Deutschland \u00fcberwiegend schlechtes Wetter mit Regen und Gewittern herrschte, hatten wir dort viel Sonne und frischen Wind.<\/p>\n<p>Aufgrund der guten Wettervorhersage f\u00fcr <b>Cuxhaven<\/b> kam uns am Dienstag die Idee, direkt an der K\u00fcste zu fr\u00fchst\u00fccken und den n\u00e4chsten <b>Sonnenaufgang<\/b> zu beobachten. Nach einem Blick in den <b>Gezeitenkalender<\/b> wurde uns dann schnell klar, dass die Sonne am n\u00e4chsten Morgen bereits um 5:01 Uhr aufgehen sollte. Diese fr\u00fche Uhrzeit konnte uns aber nicht von unserem Vorhaben abhalten. Wir verabredeten uns f\u00fcr 4:30 Uhr an der <b>Grimmersh\u00f6rnbucht<\/b> in der N\u00e4he vom Badehaus Cuxhaven. Da die Grimmersh\u00f6rnbucht direkt an der Elbm\u00fcndung liegt, hat man dort einen tollen Blick <img decoding=\"async\" style=\"align:left; float:left; margin-top:8px; margin-right:10px; margin-bottom:8px;\" src=\"\/graphics\/sonnenaufgang-cuxhaven-00-small.JPG\" alt=\"Foto vom Sonnenaufgang in Cuxhaven\" \/> auf die <b>Elbe<\/b>, die <b>Kugelbake<\/b>, die <b>Nordsee<\/b> und die vielen Schiffe, die dort auf ihrem Weg durch die <b>meist befahrene Wasserstra\u00dfe der Welt<\/b> vorbei fahren.<\/p>\n<p>Am Mittwoch um 4:00 Uhr klingelte mein Wecker gnadenlos. Um diese Uhrzeit stellt man sich unwillk\u00fcrlich die Frage, wieso man sich so etwas eigentlich antut, und kontrolliert vorsichtshalber mit einem Blick aus dem Fenster, dass das Wetter mitspielt und sich das fr\u00fche Aufstehen auch wirklich lohnt. Der wolkenfreie Himmel lie\u00df zu diesem Zeitpunkt aber keine weitere Ausrede zu. Wir packten also alles f\u00fcr das geplante <b>Fr\u00fchst\u00fcck<\/b> zusammen und machten uns auf den Weg an die <b>K\u00fcste<\/b>. Dort wurden wir dann f\u00fcr unseren fr\u00fchen Einsatz entsprechend belohnt.<\/p>\n<p>Denjenigen von euch, die mal mit einem \u00e4hnlichen Gedanken spielen, kann ich nur eines raten: <b>Durchhalten!<\/b> &nbsp; \ud83d\ude42<\/p>\n<p>Viel Spa\u00df mit den Fotos!<br \/>\nEuer Heusenst\u00e4mmchen<\/p>\n<p>&nbsp;<\/p>\n<p><a rel=\"lightbox[sonnenaufgang-cuxhaven]\" href=\"\/graphics\/sonnenaufgang-cuxhaven-01-big.JPG\"><img decoding=\"async\" style=\"margin-right: 7px;\" src=\"\/graphics\/sonnenaufgang-cuxhaven-01-small.JPG\" alt=\"Foto vom Sonnenaufgang in Cuxhaven\" \/><\/a> <a rel=\"lightbox[sonnenaufgang-cuxhaven]\" href=\"\/graphics\/sonnenaufgang-cuxhaven-02-big.JPG\"><img decoding=\"async\" style=\"margin-right: 7px;\" src=\"\/graphics\/sonnenaufgang-cuxhaven-02-small.JPG\" alt=\"Foto vom Sonnenaufgang in Cuxhaven\" \/><\/a> <a rel=\"lightbox[sonnenaufgang-cuxhaven]\" href=\"\/graphics\/sonnenaufgang-cuxhaven-03-big.JPG\"><img decoding=\"async\" style=\"margin-right: 7px;\" src=\"\/graphics\/sonnenaufgang-cuxhaven-03-small.JPG\" alt=\"Foto vom Sonnenaufgang in Cuxhaven\" \/><\/a> <a rel=\"lightbox[sonnenaufgang-cuxhaven]\" href=\"\/graphics\/sonnenaufgang-cuxhaven-04-big.JPG\"><img decoding=\"async\" style=\"margin-right: 7px;\" src=\"\/graphics\/sonnenaufgang-cuxhaven-04-small.JPG\" alt=\"Foto vom Sonnenaufgang in Cuxhaven\" \/><\/a> <a rel=\"lightbox[sonnenaufgang-cuxhaven]\" href=\"\/graphics\/sonnenaufgang-cuxhaven-05-big.JPG\"><img decoding=\"async\" style=\"margin-right: 7px;\" src=\"\/graphics\/sonnenaufgang-cuxhaven-05-small.JPG\" alt=\"Foto vom Sonnenaufgang in Cuxhaven\" \/><\/a> <a rel=\"lightbox[sonnenaufgang-cuxhaven]\" href=\"\/graphics\/sonnenaufgang-cuxhaven-06-big.JPG\"><img decoding=\"async\" style=\"margin-right: 7px;\" src=\"\/graphics\/sonnenaufgang-cuxhaven-06-small.JPG\" alt=\"Foto vom Sonnenaufgang in Cuxhaven\" \/><\/a> <a rel=\"lightbox[sonnenaufgang-cuxhaven]\" href=\"\/graphics\/sonnenaufgang-cuxhaven-07-big.JPG\"><img decoding=\"async\" style=\"margin-right: 7px;\" src=\"\/graphics\/sonnenaufgang-cuxhaven-07-small.JPG\" alt=\"Foto vom Sonnenaufgang in Cuxhaven\" \/><\/a> <\/p>\n","protected":false},"excerpt":{"rendered":"<p>Gleich zu Beginn der Sommerferien, fr\u00fchmorgens am ersten Ferientag, bin ich mit meinen Freunden nach Cuxhaven an die Nordseek\u00fcste aufgebrochen, um dort ein paar sch\u00f6ne Sommertage zu verbringen. W\u00e4hrend in Deutschland \u00fcberwiegend schlechtes Wetter mit Regen und Gewittern herrschte, hatten wir dort&#46;&#46;&#46;<\/p>\n","protected":false},"author":6,"featured_media":0,"comment_status":"open","ping_status":"closed","sticky":false,"template":"","format":"standard","meta":{"footnotes":""},"categories":[88],"tags":[13,16,15,17,14,56],"class_list":["post-1796","post","type-post","status-publish","format-standard","hentry","category-archiv","tag-cuxhaven","tag-elbe","tag-grimmershoernbucht","tag-kugelbake","tag-nordsee","tag-sonnenaufgang"],"_links":{"self":[{"href":"https:\/\/www.heusenstaemmchen.de\/news\/wp-json\/wp\/v2\/posts\/1796","targetHints":{"allow":["GET"]}}],"collection":[{"href":"https:\/\/www.heusenstaemmchen.de\/news\/wp-json\/wp\/v2\/posts"}],"about":[{"href":"https:\/\/www.heusenstaemmchen.de\/news\/wp-json\/wp\/v2\/types\/post"}],"author":[{"embeddable":true,"href":"https:\/\/www.heusenstaemmchen.de\/news\/wp-json\/wp\/v2\/users\/6"}],"replies":[{"embeddable":true,"href":"https:\/\/www.heusenstaemmchen.de\/news\/wp-json\/wp\/v2\/comments?post=1796"}],"version-history":[{"count":5,"href":"https:\/\/www.heusenstaemmchen.de\/news\/wp-json\/wp\/v2\/posts\/1796\/revisions"}],"predecessor-version":[{"id":5490,"href":"https:\/\/www.heusenstaemmchen.de\/news\/wp-json\/wp\/v2\/posts\/1796\/revisions\/5490"}],"wp:attachment":[{"href":"https:\/\/www.heusenstaemmchen.de\/news\/wp-json\/wp\/v2\/media?parent=1796"}],"wp:term":[{"taxonomy":"category","embeddable":true,"href":"https:\/\/www.heusenstaemmchen.de\/news\/wp-json\/wp\/v2\/categories?post=1796"},{"taxonomy":"post_tag","embeddable":true,"href":"https:\/\/www.heusenstaemmchen.de\/news\/wp-json\/wp\/v2\/tags?post=1796"}],"curies":[{"name":"wp","href":"https:\/\/api.w.org\/{rel}","templated":true}]}}