{"id":12409,"date":"2024-03-03T08:24:03","date_gmt":"2024-03-03T07:24:03","guid":{"rendered":"https:\/\/www.heusenstaemmchen.de\/news\/?p=12409"},"modified":"2024-03-29T12:37:11","modified_gmt":"2024-03-29T11:37:11","slug":"heusenstammer-aktion-fuer-demokratie-und-vielfalt","status":"publish","type":"post","link":"https:\/\/www.heusenstaemmchen.de\/news\/heusenstammer-aktion-fuer-demokratie-und-vielfalt\/12409","title":{"rendered":"Heusenstammer Aktion f\u00fcr Demokratie und Vielfalt am 9. M\u00e4rz 2024"},"content":{"rendered":"<p>Wie die <a href=\"https:\/\/www.heusenstamm.de\/de\/buerger-und-stadt\/pressecenter\/aktuelle-meldungen\/detail\/item\/4802\/heusenstammer-buendnis-kundgebung-fuer-demokratie-und-gegen-rechtsextremismus-am-9-maerz\">Stadt Heusenstamm<\/a> vorgestern bekannt gegeben hat, ist f\u00fcr den n\u00e4chsten <strong>Samstag<\/strong>, dem <strong>9. M\u00e4rz 2024<\/strong>, von <strong>14:00 Uhr bis ca. 15:30 Uhr<\/strong> eine Kundgebung \u201e<strong>F\u00fcr Demokratie und gegen Rechtsextremismus<\/strong>\u201c auf dem Heusenstammer Bahnhofsvorplatz geplant. Weitere Details zu der Kundgebung und zu dem neuen Heusenstammer &#8222;<strong>B\u00fcndnis f\u00fcr Demokratie und Vielfalt<\/strong>&#8220; erf\u00e4hrt man am besten direkt bei <a href=\"https:\/\/www.heusenstamm.de\/de\/buerger-und-stadt\/pressecenter\/aktuelle-meldungen\/detail\/item\/4802\/heusenstammer-buendnis-kundgebung-fuer-demokratie-und-gegen-rechtsextremismus-am-9-maerz\">heusenstamm.de<\/a>.<\/p>\n<p>Nachdem wir vom Heusenst\u00e4mmchen-Team auf die anstehende Kundgebung hingewiesen wurden, haben wir uns sehr dar\u00fcber gefreut, dass auch Heusenstamm jetzt ein deutliches Zeichen f\u00fcr die Demokratie und gegen die zunehmende Intoleranz in unserem Land setzen m\u00f6chte. Dementsprechend bereiten wir uns gerade auf die Teilnahme vor und haben daf\u00fcr auch schon ein kleines Plakat erstellt. Falls euch das unten folgende Heusenst\u00e4mmchen-Plakat gef\u00e4llt, k\u00f6nnt ihr es gern mit einem Klick darauf vergr\u00f6\u00dfern, ausdrucken und selbst mit am n\u00e4chsten Samstag verwenden.<\/p>\n<p>Wir hoffen, dass ihr alle zahlreich an der geplanten Kundgebung teilnehmen werdet. \ud83d\ude42<\/p>\n<p style=\"text-align:center;\"><a href=\"https:\/\/www.heusenstaemmchen.de\/news\/wp-content\/uploads\/2024\/03\/heusenstamm-demo-plakat-scaled.jpg\"><img loading=\"lazy\" decoding=\"async\" src=\"https:\/\/www.heusenstaemmchen.de\/news\/wp-content\/uploads\/2024\/03\/heusenstamm-demo-plakat-scaled.jpg\" alt=\"\" width=\"450\" height=\"318\" class=\"size-medium wp-image-12410\" \/><\/a><\/p>\n","protected":false},"excerpt":{"rendered":"<p>Wie die Stadt Heusenstamm vorgestern bekannt gegeben hat, ist f\u00fcr den n\u00e4chsten Samstag, dem 9. M\u00e4rz 2024, von 14:00 Uhr bis ca. 15:30 Uhr eine Kundgebung \u201eF\u00fcr Demokratie und gegen Rechtsextremismus\u201c auf dem Heusenstammer Bahnhofsvorplatz geplant. Weitere Details zu der Kundgebung und&#46;&#46;&#46;<\/p>\n","protected":false},"author":6,"featured_media":12736,"comment_status":"open","ping_status":"closed","sticky":false,"template":"","format":"standard","meta":{"footnotes":""},"categories":[430],"tags":[450,448,4,449,452,451],"class_list":["post-12409","post","type-post","status-publish","format-standard","has-post-thumbnail","hentry","category-aktuell","tag-demokratie","tag-demonstration","tag-heusenstamm","tag-kundgebung","tag-toleranz","tag-vielfalt"],"_links":{"self":[{"href":"https:\/\/www.heusenstaemmchen.de\/news\/wp-json\/wp\/v2\/posts\/12409","targetHints":{"allow":["GET"]}}],"collection":[{"href":"https:\/\/www.heusenstaemmchen.de\/news\/wp-json\/wp\/v2\/posts"}],"about":[{"href":"https:\/\/www.heusenstaemmchen.de\/news\/wp-json\/wp\/v2\/types\/post"}],"author":[{"embeddable":true,"href":"https:\/\/www.heusenstaemmchen.de\/news\/wp-json\/wp\/v2\/users\/6"}],"replies":[{"embeddable":true,"href":"https:\/\/www.heusenstaemmchen.de\/news\/wp-json\/wp\/v2\/comments?post=12409"}],"version-history":[{"count":3,"href":"https:\/\/www.heusenstaemmchen.de\/news\/wp-json\/wp\/v2\/posts\/12409\/revisions"}],"predecessor-version":[{"id":12434,"href":"https:\/\/www.heusenstaemmchen.de\/news\/wp-json\/wp\/v2\/posts\/12409\/revisions\/12434"}],"wp:featuredmedia":[{"embeddable":true,"href":"https:\/\/www.heusenstaemmchen.de\/news\/wp-json\/wp\/v2\/media\/12736"}],"wp:attachment":[{"href":"https:\/\/www.heusenstaemmchen.de\/news\/wp-json\/wp\/v2\/media?parent=12409"}],"wp:term":[{"taxonomy":"category","embeddable":true,"href":"https:\/\/www.heusenstaemmchen.de\/news\/wp-json\/wp\/v2\/categories?post=12409"},{"taxonomy":"post_tag","embeddable":true,"href":"https:\/\/www.heusenstaemmchen.de\/news\/wp-json\/wp\/v2\/tags?post=12409"}],"curies":[{"name":"wp","href":"https:\/\/api.w.org\/{rel}","templated":true}]}}