{"id":12150,"date":"2023-07-01T18:45:25","date_gmt":"2023-07-01T16:45:25","guid":{"rendered":"https:\/\/www.heusenstaemmchen.de\/news\/?p=12150"},"modified":"2024-03-23T13:21:04","modified_gmt":"2024-03-23T12:21:04","slug":"das-repair-cafe-heusenstamm-feierte-einjaehriges-bestehen","status":"publish","type":"post","link":"https:\/\/www.heusenstaemmchen.de\/news\/das-repair-cafe-heusenstamm-feierte-einjaehriges-bestehen\/12150","title":{"rendered":"Das Repair-Caf\u00e9 Heusenstamm feierte einj\u00e4hriges Bestehen"},"content":{"rendered":"<p><strong>Am Anfang stand eine Idee: Reparieren statt wegwerfen!<\/strong> Unter diesem Motto rief Initiator Hartmut Scharmann einst in der Offenbach Post \/ Stadtpost und in Facebook auf und suchte so Mitstreiter*innen und vor allem auch Reparateur*innen, die Lust und Zeit hatten, defekte Alltagsgegenst\u00e4nde wieder zu neuem Leben zu verhelfen.<\/p>\n<p>Nach zwei Vortreffen, bei denen eine bunt gemischte Gruppe von interessierten B\u00fcrgerinnen und B\u00fcrgern zusammen kamen, wurden dann <a href=\"https:\/\/www.heusenstaemmchen.de\/news\/wp-content\/uploads\/2023\/07\/repaircafe-heusenstamm-termine-2023.pdf\" target=\"_blank\" rel=\"noopener\"><img loading=\"lazy\" decoding=\"async\" src=\"https:\/\/www.heusenstaemmchen.de\/news\/wp-content\/uploads\/2023\/07\/repaircafe-heusenstamm-termine-2023-215x300.png\" alt=\"\" width=\"215\" height=\"300\" class=\"alignleft size-medium wp-image-12157\" style=\"float:left;\"\/><\/a> Ideen ausgetauscht, m\u00f6gliche Orte f\u00fcr das Repair-Caf\u00e9 gesucht, Flyer entworfen, aber auch rechtliche Dinge wie z.B. M\u00f6glichkeiten f\u00fcr etwaige Haft&shy;pflicht&shy;ver&shy;si&shy;che&shy;run&shy;gen, diskutiert. Schnell kristallisierte sich dabei die Arbeits- und Aufgabenverteilung heraus \u2013 einige wollten \u201enur&#8220; reparieren, andere den Empfang organisieren und die Reparaturauftr\u00e4ge entgegennehmen oder auch die wichtige Aufgabe der Betreuung des Kuchenbuffets \u00fcbernehmen. <strong>Denn \u2013 ohne Kaffee &#038; Kuchen ist es schlie\u00dflich kein richtiges Caf\u00e9<\/strong>. So hat man die M\u00f6glichkeit, in Ruhe und bei einem leckeren St\u00fcck Kuchen zu fachsimpeln oder sich einfach \u00fcber die mitgebrachten Gegenst\u00e4nde und ihre Geschichten auszutauschen. Die Idee wuchs und nahm Gestalt an, sodass am 25. Juni 2022 das 1. Repair-Caf\u00e9 in Heusenstamm bei Scharmann&#8217;s im Hof stattfinden konnte. Seitdem hat sich einiges getan.<\/p>\n<p>Seit 2022 ist das Repair-Caf\u00e9 nun eine feste Gr\u00f6\u00dfe in Heusenstamm. <strong>Die Treffen finden im regelm\u00e4\u00dfigen Turnus immer am letzten Samstag im Monat von 14:00 bis 17:00 Uhr<\/strong> statt. Seit April 2023 ist das Repair-Caf\u00e9 eine Unterabteilung der B\u00fcrger- &#038; Seniorenhilfe e.V. Heusenstamm. Deshalb hat man nun zu jeder Jahreszeit die M\u00f6glichkeit sich zu treffen und in den R\u00e4umlichkeiten oder gerne auch im Hof in der Kirchstr. 24 zu reparieren.  Durch die Mitgliedschaft in diesem etablierten Heusenstammer Verein finden sich viele Vorteile f\u00fcr die Reparateur*innen, so muss z.B. kein eigener Verein gegr\u00fcndet werden. Aber es ergeben sich auch viele Synergien, erreicht doch die B\u00fcrger- &#038; Seniorenhilfe ebenfalls sehr nah und direkt die gemeinsame Zielgruppe: Die breite B\u00fcrgerschaft unserer Stadt. Bis dato wurden bereits \u00fcber 160 Reparaturauftr\u00e4ge angenommen und durchgef\u00fchrt. Davon wurden  mehr als die H\u00e4lfte der Gegenst\u00e4nde erfolgreich repariert. Bei den Gegenst\u00e4nden die auch unsere Experten nicht mehr retten konnten, wurde aber sichergestellt, dass noch funktionierende Bestandteile vor dem Verschrotten ausgebaut wurden, um sie als Ersatzteile zur Verf\u00fcgung zu haben.  \u201eNichts verschwenden, wieder verwenden!&#8220; Das wei\u00df im Grunde sp\u00e4testens seit der Serie \u201ePaw Patrol&#8220; jedes Kind.<\/p>\n<p>Grunds\u00e4tzlich werden im Repair-Caf\u00e9 in Heusenstamm alle Gebrauchs- und Haushaltsgegenst\u00e4nde angenommen. Aber auch etliches Kinderspielzeug, Fahrr\u00e4der, N\u00e4hmaschinen, Lampenschirme, K\u00fcchenger\u00e4te und Radios waren schon zu Gast. Nicht angenommen werden sogenannte \u201eWei\u00df-Ger\u00e4te&#8220; wie K\u00fchlschrank, Waschmaschine und Co sowie Fernseher. Au\u00dferdem engagiert sich das Team des Repair-Caf\u00e9s auch bei der technischen Umsetzung von Umweltprojekten wie z.Bsp. dem Bau von Igelh\u00e4usern und Insektennistpl\u00e4tzen in Zusammenarbeit mit der B\u00fcrger*innen Stiftung Heusenstamm.<\/p>\n<p>Mit dem vergangenen Termin am 24.6.2023, wurde das Repair-Caf\u00e9 in Heusenstamm nun bereits 1 Jahr jung. Das ist ein guter Grund zum Feiern, aber auch, um tatkr\u00e4ftig weiter zu machen bzw. zu unterst\u00fctzen. Denn Reparieren statt wegwerfen ist heute mehr denn je ein wichtiger Bestandteil, um Ressourcen zu schonen und nachhaltiger zu handeln.<\/p>\n<p>Wer Lust &#038; Zeit hat, sich beim Repair-Caf\u00e9 zu engagieren, ist jederzeit willkommen. Weitere Informationen sind erh\u00e4ltlich auf der Seite <a href=\"https:\/\/www.repaircafe-heusenstamm.de\/\">www.repaircafe-heusenstamm.de<\/a>. Gerne k\u00f6nnen Sie nat\u00fcrlich auch eine Mail an <a href=\"mailto:info@repaircafe-heusenstamm.de\">info@repaircafe-heusenstamm.de<\/a> schreiben.<\/p>\n<p>Ansprechpartner Repair-Caf\u00e9: Hartmut Scharmann<br \/>\nPressemitteilung: Julia Weitzel<\/p>\n","protected":false},"excerpt":{"rendered":"<p>Am Anfang stand eine Idee: Reparieren statt wegwerfen! Unter diesem Motto rief Initiator Hartmut Scharmann einst in der Offenbach Post \/ Stadtpost und in Facebook auf und suchte so Mitstreiter*innen und vor allem auch Reparateur*innen, die Lust und Zeit hatten, defekte Alltagsgegenst\u00e4nde&#46;&#46;&#46;<\/p>\n","protected":false},"author":4,"featured_media":12160,"comment_status":"open","ping_status":"closed","sticky":false,"template":"","format":"standard","meta":{"footnotes":""},"categories":[430],"tags":[4,481],"class_list":["post-12150","post","type-post","status-publish","format-standard","has-post-thumbnail","hentry","category-aktuell","tag-heusenstamm","tag-repair-cafe"],"_links":{"self":[{"href":"https:\/\/www.heusenstaemmchen.de\/news\/wp-json\/wp\/v2\/posts\/12150","targetHints":{"allow":["GET"]}}],"collection":[{"href":"https:\/\/www.heusenstaemmchen.de\/news\/wp-json\/wp\/v2\/posts"}],"about":[{"href":"https:\/\/www.heusenstaemmchen.de\/news\/wp-json\/wp\/v2\/types\/post"}],"author":[{"embeddable":true,"href":"https:\/\/www.heusenstaemmchen.de\/news\/wp-json\/wp\/v2\/users\/4"}],"replies":[{"embeddable":true,"href":"https:\/\/www.heusenstaemmchen.de\/news\/wp-json\/wp\/v2\/comments?post=12150"}],"version-history":[{"count":3,"href":"https:\/\/www.heusenstaemmchen.de\/news\/wp-json\/wp\/v2\/posts\/12150\/revisions"}],"predecessor-version":[{"id":12174,"href":"https:\/\/www.heusenstaemmchen.de\/news\/wp-json\/wp\/v2\/posts\/12150\/revisions\/12174"}],"wp:featuredmedia":[{"embeddable":true,"href":"https:\/\/www.heusenstaemmchen.de\/news\/wp-json\/wp\/v2\/media\/12160"}],"wp:attachment":[{"href":"https:\/\/www.heusenstaemmchen.de\/news\/wp-json\/wp\/v2\/media?parent=12150"}],"wp:term":[{"taxonomy":"category","embeddable":true,"href":"https:\/\/www.heusenstaemmchen.de\/news\/wp-json\/wp\/v2\/categories?post=12150"},{"taxonomy":"post_tag","embeddable":true,"href":"https:\/\/www.heusenstaemmchen.de\/news\/wp-json\/wp\/v2\/tags?post=12150"}],"curies":[{"name":"wp","href":"https:\/\/api.w.org\/{rel}","templated":true}]}}